{"id":79,"date":"2020-07-30T22:29:01","date_gmt":"2020-07-31T03:29:01","guid":{"rendered":"https:\/\/floripastore.com\/blogfloripa\/?p=79"},"modified":"2020-08-20T16:58:11","modified_gmt":"2020-08-20T21:58:11","slug":"diy-jardin-vertical-artificial-como-planear-y-decorar","status":"publish","type":"post","link":"https:\/\/floripastore.com\/blogfloripa\/2020\/07\/30\/diy-jardin-vertical-artificial-como-planear-y-decorar\/","title":{"rendered":"DIY &#8211; Jard\u00edn Vertical Artificial: c\u00f3mo armar y decorar"},"content":{"rendered":"\n<p>Los jardines verticales ya son, desde hace algunos a\u00f1os, una tendencia. Muchos decoradores los utilizan para decorar ambientes externos e internos. \u00bfY por qu\u00e9  son tendencia? La respuesta a esa pregunta va desde su belleza intr\u00ednseca hasta la capacidad que tienen en agregar vida y color a cualquier ambiente.<\/p>\n\n\n\n<p>Antes de seguir, hay que tener en cuenta que por tratarse de plantas vivas, esas decoraciones demandan un mont\u00f3n de cuidado y tambi\u00e9n gastos. Hay bastantes condiciones para que un jard\u00edn vertical inicialmente lindo as\u00ed se mantenga, desde estructuras especiales hasta el riego y la exposici\u00f3n a luz solar. Son por esas dificultades en el mantenimiento, que muchos decoradores y arquitectos utilizan plantas y follajes artificiales.<\/p>\n\n\n\n<p>Bueno, teniendo en cuenta esas consideraciones preliminares, en ese post te ayudar\u00e9 a planear y armar tu pr\u00f3prio jard\u00edn vertical artificial. Tenemos que tener en cuenta dos cosas: 1. la base en que vamos armar el arreglo; 2. la composici\u00f3n de nuestro jard\u00edn vertical. No perdamos m\u00e1s tiempo! <\/p>\n\n\n\n<h3 class=\"wp-block-heading\"><strong>1.Elaborando la base de nuestro arreglo:<\/strong><\/h3>\n\n\n\n<p>En primer lugar, tenemos que medir el espacio donde queremos fijar nuestro arreglo y as\u00ed poder calcular las medidas de nuestra base. En ese punto hay que tener en cuenta que dise\u00f1os cuadrados o rectangulares resultar\u00e1n m\u00e1s f\u00e1ciles de ejecutar, siendo que formas irregulares exigir\u00e1n un armado hecho por alg\u00fan profesional t\u00e9cnico.<\/p>\n\n\n\n<p>Teniendo las medidas, pasamos a escoger los materiales para armar la base. Aqu\u00ed tenemos algunas opciones, podemos utilizar mallas verdes ya preparadas como la imagen abajo o podemos utilizar mallas met\u00e1licas (como las mallas de tipo gallinero)<\/p>\n\n\n\n<figure class=\"wp-block-gallery columns-1 is-cropped wp-block-gallery-1 is-layout-flex wp-block-gallery-is-layout-flex\"><ul class=\"blocks-gallery-grid\"><li class=\"blocks-gallery-item\"><figure><img loading=\"lazy\" decoding=\"async\" width=\"800\" height=\"800\" src=\"https:\/\/floripastore.com\/blogfloripa\/wp-content\/uploads\/2020\/07\/malla.jpg\" alt=\"\" data-id=\"81\" data-full-url=\"https:\/\/floripastore.com\/blogfloripa\/wp-content\/uploads\/2020\/07\/malla.jpg\" data-link=\"https:\/\/floripastore.com\/blogfloripa\/?attachment_id=81\" class=\"wp-image-81\" srcset=\"https:\/\/floripastore.com\/blogfloripa\/wp-content\/uploads\/2020\/07\/malla.jpg 800w, https:\/\/floripastore.com\/blogfloripa\/wp-content\/uploads\/2020\/07\/malla-300x300.jpg 300w, https:\/\/floripastore.com\/blogfloripa\/wp-content\/uploads\/2020\/07\/malla-150x150.jpg 150w, https:\/\/floripastore.com\/blogfloripa\/wp-content\/uploads\/2020\/07\/malla-768x768.jpg 768w, https:\/\/floripastore.com\/blogfloripa\/wp-content\/uploads\/2020\/07\/malla-230x230.jpg 230w\" sizes=\"auto, (max-width: 800px) 100vw, 800px\" \/><figcaption class=\"blocks-gallery-item__caption\">malla verde de 2m x 1m<\/figcaption><\/figure><\/li><\/ul><\/figure>\n\n\n\n<p>La raz\u00f3n por la que recomiendo las <a href=\"https:\/\/floripastore.com\/index.php?id_product=571&amp;controller=product&amp;search_query=2300&amp;results=1\" target=\"_blank\" rel=\"noreferrer noopener\">mallas verdes<\/a>, es que como ya est\u00e1n cubiertas de hojas artificiales, sirven su funci\u00f3n estructural y al mismo tiempo ayudan a componer la est\u00e9tica de la decoraci\u00f3n. A parte son hechas de material pl\u00e1stico en el que f\u00e1cilmente podr\u00e1s recortar o remendar (a depender del tama\u00f1o de su arreglo). Esas mallas (tanto las verdes como las met\u00e1licas) tienen un cuadriculado que justamente nos va permitir fijar nuestras plantas artificiales.<\/p>\n\n\n\n<p>A depender del espacio donde estar\u00e1 ubicado tu jard\u00edn vertical puedes agregar un marco, que dejar\u00e1 a\u00fan mas estilosa la decoraci\u00f3n. Ten en cuenta, que esas decoraciones son tan hermosas que poner un marco se torna algo opcional.<\/p>\n\n\n\n<p><\/p>\n\n\n\n<h3 class=\"wp-block-heading\"><strong>2. Composici\u00f3n del jard\u00edn vertical:<\/strong><\/h3>\n\n\n\n<p>Esa es la parte m\u00e1s divertida, ahora que ya tenemos nuestra base, toca elegir los modelos de plantas. <\/p>\n\n\n\n<p>Aqu\u00ed recomiendo siempre que se utilice como base los <a rel=\"noreferrer noopener\" href=\"https:\/\/floripastore.com\/index.php?controller=search&amp;orderby=position&amp;orderway=desc&amp;search_query=helecho&amp;submit_search=\" target=\"_blank\">helechos<\/a>. Los helechos son plantas grandes y vistosas, ayudan a ocupar los espacios y tienen ca\u00edda (dando tridimensionalidad a tu composici\u00f3n).<\/p>\n\n\n\n<figure class=\"wp-block-image size-large is-resized\"><img loading=\"lazy\" decoding=\"async\" src=\"https:\/\/floripastore.com\/blogfloripa\/wp-content\/uploads\/2020\/07\/helecho.jpg\" alt=\"\" class=\"wp-image-82\" width=\"577\" height=\"577\" srcset=\"https:\/\/floripastore.com\/blogfloripa\/wp-content\/uploads\/2020\/07\/helecho.jpg 458w, https:\/\/floripastore.com\/blogfloripa\/wp-content\/uploads\/2020\/07\/helecho-300x300.jpg 300w, https:\/\/floripastore.com\/blogfloripa\/wp-content\/uploads\/2020\/07\/helecho-150x150.jpg 150w, https:\/\/floripastore.com\/blogfloripa\/wp-content\/uploads\/2020\/07\/helecho-230x230.jpg 230w\" sizes=\"auto, (max-width: 577px) 100vw, 577px\" \/><figcaption>helecho artificial<\/figcaption><\/figure>\n\n\n\n<p>En seguida, puedes utilizar plantas del tipo <a href=\"https:\/\/floripastore.com\/index.php?controller=search&amp;orderby=position&amp;orderway=desc&amp;search_query=hiedra&amp;submit_search=\" target=\"_blank\" rel=\"noreferrer noopener\">hiedra<\/a>, colgantes con <a href=\"https:\/\/floripastore.com\/index.php?controller=search&amp;orderby=position&amp;orderway=desc&amp;search_query=follaje&amp;submit_search=\" target=\"_blank\" rel=\"noreferrer noopener\">follaje<\/a> de eucalipto y <a href=\"https:\/\/floripastore.com\/index.php?id_category=24&amp;controller=category\" target=\"_blank\" rel=\"noreferrer noopener\">plantas suculentas<\/a>. Siempre teniendo en cuenta que es importante dar diversidad al arreglo, tanto en tipo de plantas como en tonos de verde (para que el resultado final no quede monocrom\u00e1tico).<\/p>\n\n\n\n<p>Si quieres salir un poco del convencional, pero sin perder la elegancia, puedes agregar flores como las <a rel=\"noreferrer noopener\" href=\"https:\/\/floripastore.com\/index.php?id_product=490&amp;controller=product&amp;search_query=orquidea+silicona&amp;results=48\" target=\"_blank\">orqu\u00eddeas<\/a>, que son flores que se encajan perfectamente en la tem\u00e1tica propuesta por un jard\u00edn vertical.<\/p>\n\n\n\n<figure class=\"wp-block-image size-large\"><img loading=\"lazy\" decoding=\"async\" width=\"840\" height=\"592\" src=\"https:\/\/floripastore.com\/blogfloripa\/wp-content\/uploads\/2020\/07\/Captura-de-Tela-2020-07-30-a\u0300s-20.06.06-1.jpg\" alt=\"\" class=\"wp-image-98\" srcset=\"https:\/\/floripastore.com\/blogfloripa\/wp-content\/uploads\/2020\/07\/Captura-de-Tela-2020-07-30-a\u0300s-20.06.06-1.jpg 840w, https:\/\/floripastore.com\/blogfloripa\/wp-content\/uploads\/2020\/07\/Captura-de-Tela-2020-07-30-a\u0300s-20.06.06-1-300x211.jpg 300w, https:\/\/floripastore.com\/blogfloripa\/wp-content\/uploads\/2020\/07\/Captura-de-Tela-2020-07-30-a\u0300s-20.06.06-1-768x541.jpg 768w, https:\/\/floripastore.com\/blogfloripa\/wp-content\/uploads\/2020\/07\/Captura-de-Tela-2020-07-30-a\u0300s-20.06.06-1-830x585.jpg 830w, https:\/\/floripastore.com\/blogfloripa\/wp-content\/uploads\/2020\/07\/Captura-de-Tela-2020-07-30-a\u0300s-20.06.06-1-230x162.jpg 230w\" sizes=\"auto, (max-width: 840px) 100vw, 840px\" \/><\/figure>\n\n\n\n<p>Para fijar las plantitas en la base armada, recomiendo utilizar precintos pl\u00e1sticos (ejemplo abajo). De esa forma, sujetas cada tallo a la estrutura (cuadriculada) y as\u00ed tal cual un mosaico, vas armando tu jard\u00edn vertical. Utilizar precintos, a parte de ser muy sencillo, le permite reutilizar las plantas en el futuro, sin necesidad de pegar ni romper sus tallos.<\/p>\n\n\n\n<figure class=\"wp-block-image size-large is-resized\"><img loading=\"lazy\" decoding=\"async\" src=\"https:\/\/floripastore.com\/blogfloripa\/wp-content\/uploads\/2020\/07\/precinto.jpg\" alt=\"\" class=\"wp-image-84\" width=\"459\" height=\"459\" srcset=\"https:\/\/floripastore.com\/blogfloripa\/wp-content\/uploads\/2020\/07\/precinto.jpg 600w, https:\/\/floripastore.com\/blogfloripa\/wp-content\/uploads\/2020\/07\/precinto-300x300.jpg 300w, https:\/\/floripastore.com\/blogfloripa\/wp-content\/uploads\/2020\/07\/precinto-150x150.jpg 150w, https:\/\/floripastore.com\/blogfloripa\/wp-content\/uploads\/2020\/07\/precinto-230x230.jpg 230w\" sizes=\"auto, (max-width: 459px) 100vw, 459px\" \/><\/figure>\n\n\n\n<p>Una vez finalizada la decoraci\u00f3n, y aqu\u00ed est\u00e1 otro benef\u00edcio en utilizarse las plantitas artificiales, colgamos la decoraci\u00f3n en la pared. Teniendo en cuenta los materiales utilizados, mayormente de pl\u00e1stico o tela, el resultado final no suele pesar mucho, por lo que algunos puntos hechos en tu pared con taladro, bastar\u00e1n para fijar el jard\u00edn vertical en el local deseado.<\/p>\n\n\n\n<p>Cu\u00e9ntanos tu experiencia y no dude en dejar un coment\u00e1rio o cualquier pregunta!<\/p>\n","protected":false},"excerpt":{"rendered":"<p>Los jardines verticales ya son, desde hace algunos a\u00f1os, una tendencia. Muchos decoradores los utilizan para decorar ambientes externos e internos. \u00bfY por qu\u00e9 son tendencia? La respuesta a esa pregunta va desde su belleza intr\u00ednseca hasta la capacidad que tienen en agregar vida y color a cualquier ambiente. Antes de seguir, hay que tener<\/p>\n<div class=\"blog-grid-button\"><a class href=\"https:\/\/floripastore.com\/blogfloripa\/2020\/07\/30\/diy-jardin-vertical-artificial-como-planear-y-decorar\/\">Read More <i class=\"fa fa-arrow-right\"><\/i><\/a><\/div>\n","protected":false},"author":1,"featured_media":97,"comment_status":"open","ping_status":"open","sticky":false,"template":"","format":"standard","meta":{"footnotes":""},"categories":[1],"tags":[11,8,5,9,10],"class_list":["post-79","post","type-post","status-publish","format-standard","has-post-thumbnail","hentry","category-uncategorized","tag-decoracion-2","tag-diy","tag-jardin-vertical","tag-muro-ingles","tag-plantas-artificiales"],"_links":{"self":[{"href":"https:\/\/floripastore.com\/blogfloripa\/wp-json\/wp\/v2\/posts\/79","targetHints":{"allow":["GET"]}}],"collection":[{"href":"https:\/\/floripastore.com\/blogfloripa\/wp-json\/wp\/v2\/posts"}],"about":[{"href":"https:\/\/floripastore.com\/blogfloripa\/wp-json\/wp\/v2\/types\/post"}],"author":[{"embeddable":true,"href":"https:\/\/floripastore.com\/blogfloripa\/wp-json\/wp\/v2\/users\/1"}],"replies":[{"embeddable":true,"href":"https:\/\/floripastore.com\/blogfloripa\/wp-json\/wp\/v2\/comments?post=79"}],"version-history":[{"count":10,"href":"https:\/\/floripastore.com\/blogfloripa\/wp-json\/wp\/v2\/posts\/79\/revisions"}],"predecessor-version":[{"id":152,"href":"https:\/\/floripastore.com\/blogfloripa\/wp-json\/wp\/v2\/posts\/79\/revisions\/152"}],"wp:featuredmedia":[{"embeddable":true,"href":"https:\/\/floripastore.com\/blogfloripa\/wp-json\/wp\/v2\/media\/97"}],"wp:attachment":[{"href":"https:\/\/floripastore.com\/blogfloripa\/wp-json\/wp\/v2\/media?parent=79"}],"wp:term":[{"taxonomy":"category","embeddable":true,"href":"https:\/\/floripastore.com\/blogfloripa\/wp-json\/wp\/v2\/categories?post=79"},{"taxonomy":"post_tag","embeddable":true,"href":"https:\/\/floripastore.com\/blogfloripa\/wp-json\/wp\/v2\/tags?post=79"}],"curies":[{"name":"wp","href":"https:\/\/api.w.org\/{rel}","templated":true}]}}